{"id":1618,"date":"2022-05-20T14:48:43","date_gmt":"2022-05-20T14:48:43","guid":{"rendered":"https:\/\/nobiwerk.com\/?p=1618"},"modified":"2022-06-16T10:03:36","modified_gmt":"2022-06-16T10:03:36","slug":"bildungssenatorin-besuch-in-kita-lillebror","status":"publish","type":"post","link":"https:\/\/nobiwerk.com\/de\/bildungssenatorin-besuch-in-kita-lillebror","title":{"rendered":"Bildungssenatorin, Besuch in Kita Lillebror"},"content":{"rendered":"<p>Die Bildungssenatorin Berlins besucht eine unserer Einrichtungen. <\/p>\n\n\n\n<p><\/p>\n\n\n\n<p>Der Kita Lillebror in Mariendorf kriegen am 07.06.22 besuch. <br>Wir freuen uns, die Senatorin f\u00fcr Bildung und das Haus der kleinen Forscher begr\u00fc\u00dfen zu d\u00fcrfen. Wir freuen uns sehr \u00fcber die Anerkennung, die unsere Kita Lillebror erh\u00e4lt.<br>Noch mehr lesen:<br><a href=\"https:\/\/nl.tagesspiegel.de\/form.action?agnCTOKEN=9mxNq9NCGTnmiE3GNqudPRTWQdUGhewx&amp;agnFN=fullview&amp;agnUID=E.B.Nr.DPjU.CpSn.CELWo.A.GouUWpNtoHSQbhD8v3JTpjOvqtfWe_rGVG7BwhhRNkoikXHMtl1pjCznAui_zEYBrbFX9UlmjWqkhz9NX0tmcw&amp;bezuggrd=LEU&amp;utm_source=leute-tempelhof-schoeneberg\" target=\"_blank\" rel=\"noreferrer noopener\">https:\/\/nl.tagesspiegel.de\/form.action?agnCTOKEN=9mxNq9NCGTnmiE3GNqudPRTWQdUGhewx&amp;agnFN=fullview&amp;agnUID=E.B.Nr.DPjU.CpSn.CELWo.A.GouUWpNtoHSQbhD8v3JTpjOvqtfWe_rGVG7BwhhRNkoikXHMtl1pjCznAui_zEYBrbFX9UlmjWqkhz9NX0tmcw&amp;bezuggrd=LEU&amp;utm_source=leute-tempelhof-schoeneberg<\/a><br><br><a href=\"https:\/\/www.berliner-woche.de\/tempelhof\/c-bildung\/im-kochlabor-der-kita-lillebror_a348974\" target=\"_blank\" rel=\"noreferrer noopener\">https:\/\/www.berliner-woche.de\/tempelhof\/c-bildung\/im-kochlabor-der-kita-lillebror_a348974<\/a><br><br><a href=\"https:\/\/www.haus-der-kleinen-forscher.de\/de\/ueberuns\/presse\/pressemitteilungen\/bildungssenatorin-busse-forscht-im-kochlabor\" target=\"_blank\" rel=\"noreferrer noopener\">https:\/\/www.haus-der-kleinen-forscher.de\/de\/ueberuns\/presse\/pressemitteilungen\/bildungssenatorin-busse-forscht-im-kochlabor<\/a><\/p>\n\n\n\n<p><\/p>","protected":false},"excerpt":{"rendered":"<p>Die Bildungssenatorin Berlins besucht eine unserer Einrichtungen. Der Kita Lillebror in Mariendorf kriegen am 07.06.22 besuch. Wir freuen uns, die Senatorin f\u00fcr Bildung und das Haus<span class=\"excerpt-hellip\"> [\u2026]<\/span><\/p>","protected":false},"author":5,"featured_media":1693,"comment_status":"closed","ping_status":"open","sticky":false,"template":"","format":"standard","meta":{"footnotes":""},"categories":[1],"tags":[],"yoast_head":"<!-- This site is optimized with the Yoast SEO plugin v22.0 - https:\/\/yoast.com\/wordpress\/plugins\/seo\/ -->\n<title>Bildungssenatorin, Besuch in Kita Lillebror<\/title>\n<meta name=\"description\" content=\"Die Bildungssenatorin Berlins besucht eine unserer Einrichtungen. Der Kita Lillebror in Mariendorf kriegen am 07.06.22 besuch. Wir freuen uns, die\" \/>\n<meta name=\"robots\" content=\"index, follow, max-snippet:-1, max-image-preview:large, max-video-preview:-1\" \/>\n<link rel=\"canonical\" href=\"https:\/\/nobiwerk.com\/de\/bildungssenatorin-besuch-in-kita-lillebror\/\" \/>\n<meta property=\"og:locale\" content=\"de_DE\" \/>\n<meta property=\"og:type\" content=\"article\" \/>\n<meta property=\"og:title\" content=\"Bildungssenatorin, Besuch in Kita Lillebror\" \/>\n<meta property=\"og:description\" content=\"Die Bildungssenatorin Berlins besucht eine unserer Einrichtungen. Der Kita Lillebror in Mariendorf kriegen am 07.06.22 besuch. Wir freuen uns, die\" \/>\n<meta property=\"og:url\" content=\"https:\/\/nobiwerk.com\/de\/bildungssenatorin-besuch-in-kita-lillebror\/\" \/>\n<meta property=\"og:site_name\" content=\"nobiwerk\" \/>\n<meta property=\"article:publisher\" content=\"https:\/\/www.facebook.com\/nobiwerk\" \/>\n<meta property=\"article:published_time\" content=\"2022-05-20T14:48:43+00:00\" \/>\n<meta property=\"article:modified_time\" content=\"2022-06-16T10:03:36+00:00\" \/>\n<meta property=\"og:image\" content=\"https:\/\/nobiwerk.com\/wp-content\/uploads\/2022\/06\/MicrosoftTeams-image-scaled.jpg\" \/>\n\t<meta property=\"og:image:width\" content=\"2560\" \/>\n\t<meta property=\"og:image:height\" content=\"1707\" \/>\n\t<meta property=\"og:image:type\" content=\"image\/jpeg\" \/>\n<meta name=\"author\" content=\"Jacob\" \/>\n<meta name=\"twitter:card\" content=\"summary_large_image\" \/>\n<meta name=\"twitter:label1\" content=\"Verfasst von\" \/>\n\t<meta name=\"twitter:data1\" content=\"Jacob\" \/>\n\t<meta name=\"twitter:label2\" content=\"Gesch\u00e4tzte Lesezeit\" \/>\n\t<meta name=\"twitter:data2\" content=\"1\u00a0Minute\" \/>\n<script type=\"application\/ld+json\" class=\"yoast-schema-graph\">{\"@context\":\"https:\/\/schema.org\",\"@graph\":[{\"@type\":\"Article\",\"@id\":\"https:\/\/nobiwerk.com\/bildungssenatorin-besuch-in-kita-lillebror#article\",\"isPartOf\":{\"@id\":\"https:\/\/nobiwerk.com\/bildungssenatorin-besuch-in-kita-lillebror\"},\"author\":{\"name\":\"Jacob\",\"@id\":\"https:\/\/nobiwerk.com\/#\/schema\/person\/bf2aee4d50ab24656e7c084f320451f2\"},\"headline\":\"Bildungssenatorin, Besuch in Kita Lillebror\",\"datePublished\":\"2022-05-20T14:48:43+00:00\",\"dateModified\":\"2022-06-16T10:03:36+00:00\",\"mainEntityOfPage\":{\"@id\":\"https:\/\/nobiwerk.com\/bildungssenatorin-besuch-in-kita-lillebror\"},\"wordCount\":111,\"publisher\":{\"@id\":\"https:\/\/nobiwerk.com\/#organization\"},\"articleSection\":[\"Uncategorized\"],\"inLanguage\":\"de\"},{\"@type\":\"WebPage\",\"@id\":\"https:\/\/nobiwerk.com\/bildungssenatorin-besuch-in-kita-lillebror\",\"url\":\"https:\/\/nobiwerk.com\/bildungssenatorin-besuch-in-kita-lillebror\",\"name\":\"Bildungssenatorin, Besuch in Kita Lillebror\",\"isPartOf\":{\"@id\":\"https:\/\/nobiwerk.com\/#website\"},\"datePublished\":\"2022-05-20T14:48:43+00:00\",\"dateModified\":\"2022-06-16T10:03:36+00:00\",\"description\":\"Die Bildungssenatorin Berlins besucht eine unserer Einrichtungen. Der Kita Lillebror in Mariendorf kriegen am 07.06.22 besuch. Wir freuen uns, die\",\"breadcrumb\":{\"@id\":\"https:\/\/nobiwerk.com\/bildungssenatorin-besuch-in-kita-lillebror#breadcrumb\"},\"inLanguage\":\"de\",\"potentialAction\":[{\"@type\":\"ReadAction\",\"target\":[\"https:\/\/nobiwerk.com\/bildungssenatorin-besuch-in-kita-lillebror\"]}]},{\"@type\":\"BreadcrumbList\",\"@id\":\"https:\/\/nobiwerk.com\/bildungssenatorin-besuch-in-kita-lillebror#breadcrumb\",\"itemListElement\":[{\"@type\":\"ListItem\",\"position\":1,\"name\":\"Startseite\",\"item\":\"https:\/\/nobiwerk.com\/\"},{\"@type\":\"ListItem\",\"position\":2,\"name\":\"Bildungssenatorin, Besuch in Kita Lillebror\"}]},{\"@type\":\"WebSite\",\"@id\":\"https:\/\/nobiwerk.com\/#website\",\"url\":\"https:\/\/nobiwerk.com\/\",\"name\":\"nobiwerk\",\"description\":\"Svenske, Danske og Norske barnehager i Berlin\",\"publisher\":{\"@id\":\"https:\/\/nobiwerk.com\/#organization\"},\"potentialAction\":[{\"@type\":\"SearchAction\",\"target\":{\"@type\":\"EntryPoint\",\"urlTemplate\":\"https:\/\/nobiwerk.com\/?s={search_term_string}\"},\"query-input\":\"required name=search_term_string\"}],\"inLanguage\":\"de\"},{\"@type\":\"Organization\",\"@id\":\"https:\/\/nobiwerk.com\/#organization\",\"name\":\"nobiwerk\",\"url\":\"https:\/\/nobiwerk.com\/\",\"logo\":{\"@type\":\"ImageObject\",\"inLanguage\":\"de\",\"@id\":\"https:\/\/nobiwerk.com\/#\/schema\/logo\/image\/\",\"url\":\"https:\/\/nobiwerk.com\/wp-content\/uploads\/2019\/11\/nobiwerk-windows-touch-icon-310.png\",\"contentUrl\":\"https:\/\/nobiwerk.com\/wp-content\/uploads\/2019\/11\/nobiwerk-windows-touch-icon-310.png\",\"width\":310,\"height\":310,\"caption\":\"nobiwerk\"},\"image\":{\"@id\":\"https:\/\/nobiwerk.com\/#\/schema\/logo\/image\/\"},\"sameAs\":[\"https:\/\/www.facebook.com\/nobiwerk\"]},{\"@type\":\"Person\",\"@id\":\"https:\/\/nobiwerk.com\/#\/schema\/person\/bf2aee4d50ab24656e7c084f320451f2\",\"name\":\"Jacob\",\"image\":{\"@type\":\"ImageObject\",\"inLanguage\":\"de\",\"@id\":\"https:\/\/nobiwerk.com\/#\/schema\/person\/image\/\",\"url\":\"https:\/\/secure.gravatar.com\/avatar\/c17d88bc8765eb02805927fc80b5539f?s=96&d=mm&r=g\",\"contentUrl\":\"https:\/\/secure.gravatar.com\/avatar\/c17d88bc8765eb02805927fc80b5539f?s=96&d=mm&r=g\",\"caption\":\"Jacob\"},\"url\":\"https:\/\/nobiwerk.com\/de\/author\/jacob\"}]}<\/script>\n<!-- \/ Yoast SEO plugin. -->","yoast_head_json":{"title":"Bildungssenatorin, Besuch in Kita Lillebror","description":"Die Bildungssenatorin Berlins besucht eine unserer Einrichtungen. Der Kita Lillebror in Mariendorf kriegen am 07.06.22 besuch. Wir freuen uns, die","robots":{"index":"index","follow":"follow","max-snippet":"max-snippet:-1","max-image-preview":"max-image-preview:large","max-video-preview":"max-video-preview:-1"},"canonical":"https:\/\/nobiwerk.com\/de\/bildungssenatorin-besuch-in-kita-lillebror\/","og_locale":"de_DE","og_type":"article","og_title":"Bildungssenatorin, Besuch in Kita Lillebror","og_description":"Die Bildungssenatorin Berlins besucht eine unserer Einrichtungen. Der Kita Lillebror in Mariendorf kriegen am 07.06.22 besuch. Wir freuen uns, die","og_url":"https:\/\/nobiwerk.com\/de\/bildungssenatorin-besuch-in-kita-lillebror\/","og_site_name":"nobiwerk","article_publisher":"https:\/\/www.facebook.com\/nobiwerk","article_published_time":"2022-05-20T14:48:43+00:00","article_modified_time":"2022-06-16T10:03:36+00:00","og_image":[{"width":2560,"height":1707,"url":"https:\/\/nobiwerk.com\/wp-content\/uploads\/2022\/06\/MicrosoftTeams-image-scaled.jpg","type":"image\/jpeg"}],"author":"Jacob","twitter_card":"summary_large_image","twitter_misc":{"Verfasst von":"Jacob","Gesch\u00e4tzte Lesezeit":"1\u00a0Minute"},"schema":{"@context":"https:\/\/schema.org","@graph":[{"@type":"Article","@id":"https:\/\/nobiwerk.com\/bildungssenatorin-besuch-in-kita-lillebror#article","isPartOf":{"@id":"https:\/\/nobiwerk.com\/bildungssenatorin-besuch-in-kita-lillebror"},"author":{"name":"Jacob","@id":"https:\/\/nobiwerk.com\/#\/schema\/person\/bf2aee4d50ab24656e7c084f320451f2"},"headline":"Bildungssenatorin, Besuch in Kita Lillebror","datePublished":"2022-05-20T14:48:43+00:00","dateModified":"2022-06-16T10:03:36+00:00","mainEntityOfPage":{"@id":"https:\/\/nobiwerk.com\/bildungssenatorin-besuch-in-kita-lillebror"},"wordCount":111,"publisher":{"@id":"https:\/\/nobiwerk.com\/#organization"},"articleSection":["Uncategorized"],"inLanguage":"de"},{"@type":"WebPage","@id":"https:\/\/nobiwerk.com\/bildungssenatorin-besuch-in-kita-lillebror","url":"https:\/\/nobiwerk.com\/bildungssenatorin-besuch-in-kita-lillebror","name":"Bildungssenatorin, Besuch in Kita Lillebror","isPartOf":{"@id":"https:\/\/nobiwerk.com\/#website"},"datePublished":"2022-05-20T14:48:43+00:00","dateModified":"2022-06-16T10:03:36+00:00","description":"Die Bildungssenatorin Berlins besucht eine unserer Einrichtungen. Der Kita Lillebror in Mariendorf kriegen am 07.06.22 besuch. Wir freuen uns, die","breadcrumb":{"@id":"https:\/\/nobiwerk.com\/bildungssenatorin-besuch-in-kita-lillebror#breadcrumb"},"inLanguage":"de","potentialAction":[{"@type":"ReadAction","target":["https:\/\/nobiwerk.com\/bildungssenatorin-besuch-in-kita-lillebror"]}]},{"@type":"BreadcrumbList","@id":"https:\/\/nobiwerk.com\/bildungssenatorin-besuch-in-kita-lillebror#breadcrumb","itemListElement":[{"@type":"ListItem","position":1,"name":"Startseite","item":"https:\/\/nobiwerk.com\/"},{"@type":"ListItem","position":2,"name":"Bildungssenatorin, Besuch in Kita Lillebror"}]},{"@type":"WebSite","@id":"https:\/\/nobiwerk.com\/#website","url":"https:\/\/nobiwerk.com\/","name":"nobiwerk","description":"Svenske, Danske og Norske barnehager i Berlin","publisher":{"@id":"https:\/\/nobiwerk.com\/#organization"},"potentialAction":[{"@type":"SearchAction","target":{"@type":"EntryPoint","urlTemplate":"https:\/\/nobiwerk.com\/?s={search_term_string}"},"query-input":"required name=search_term_string"}],"inLanguage":"de"},{"@type":"Organization","@id":"https:\/\/nobiwerk.com\/#organization","name":"nobiwerk","url":"https:\/\/nobiwerk.com\/","logo":{"@type":"ImageObject","inLanguage":"de","@id":"https:\/\/nobiwerk.com\/#\/schema\/logo\/image\/","url":"https:\/\/nobiwerk.com\/wp-content\/uploads\/2019\/11\/nobiwerk-windows-touch-icon-310.png","contentUrl":"https:\/\/nobiwerk.com\/wp-content\/uploads\/2019\/11\/nobiwerk-windows-touch-icon-310.png","width":310,"height":310,"caption":"nobiwerk"},"image":{"@id":"https:\/\/nobiwerk.com\/#\/schema\/logo\/image\/"},"sameAs":["https:\/\/www.facebook.com\/nobiwerk"]},{"@type":"Person","@id":"https:\/\/nobiwerk.com\/#\/schema\/person\/bf2aee4d50ab24656e7c084f320451f2","name":"Jacob","image":{"@type":"ImageObject","inLanguage":"de","@id":"https:\/\/nobiwerk.com\/#\/schema\/person\/image\/","url":"https:\/\/secure.gravatar.com\/avatar\/c17d88bc8765eb02805927fc80b5539f?s=96&d=mm&r=g","contentUrl":"https:\/\/secure.gravatar.com\/avatar\/c17d88bc8765eb02805927fc80b5539f?s=96&d=mm&r=g","caption":"Jacob"},"url":"https:\/\/nobiwerk.com\/de\/author\/jacob"}]}},"_links":{"self":[{"href":"https:\/\/nobiwerk.com\/de\/wp-json\/wp\/v2\/posts\/1618"}],"collection":[{"href":"https:\/\/nobiwerk.com\/de\/wp-json\/wp\/v2\/posts"}],"about":[{"href":"https:\/\/nobiwerk.com\/de\/wp-json\/wp\/v2\/types\/post"}],"author":[{"embeddable":true,"href":"https:\/\/nobiwerk.com\/de\/wp-json\/wp\/v2\/users\/5"}],"replies":[{"embeddable":true,"href":"https:\/\/nobiwerk.com\/de\/wp-json\/wp\/v2\/comments?post=1618"}],"version-history":[{"count":8,"href":"https:\/\/nobiwerk.com\/de\/wp-json\/wp\/v2\/posts\/1618\/revisions"}],"predecessor-version":[{"id":1699,"href":"https:\/\/nobiwerk.com\/de\/wp-json\/wp\/v2\/posts\/1618\/revisions\/1699"}],"wp:featuredmedia":[{"embeddable":true,"href":"https:\/\/nobiwerk.com\/de\/wp-json\/wp\/v2\/media\/1693"}],"wp:attachment":[{"href":"https:\/\/nobiwerk.com\/de\/wp-json\/wp\/v2\/media?parent=1618"}],"wp:term":[{"taxonomy":"category","embeddable":true,"href":"https:\/\/nobiwerk.com\/de\/wp-json\/wp\/v2\/categories?post=1618"},{"taxonomy":"post_tag","embeddable":true,"href":"https:\/\/nobiwerk.com\/de\/wp-json\/wp\/v2\/tags?post=1618"}],"curies":[{"name":"wp","href":"https:\/\/api.w.org\/{rel}","templated":true}]}}