{"id":1681,"date":"2022-05-17T16:59:39","date_gmt":"2022-05-17T16:59:39","guid":{"rendered":"https:\/\/nobiwerk.com\/?p=1681"},"modified":"2022-06-16T10:04:04","modified_gmt":"2022-06-16T10:04:04","slug":"fruehlingsfest-varmarkt","status":"publish","type":"post","link":"https:\/\/nobiwerk.com\/de\/fruehlingsfest-varmarkt","title":{"rendered":"Fr\u00fchlingsfest \/ V\u00c5Rmarkt"},"content":{"rendered":"<p><\/p>\n\n\n\n<p><\/p>\n\n\n\n<p>Komm und feiere mit uns ein Buntes Fest f\u00fcr Kinder und Familien!<\/p>\n\n\n\n<p>Es erwarten dich:<\/p>\n\n\n\n<p>Tolle spiele und Mitmach-Aktionen, kulinarische K\u00f6stlichkeiten, skandinavische Produkte, Kunst, Kultur, Musik.<\/p>\n\n\n\n<p>In Zusammenarbeit mit skandinavischen Gesch\u00e4ften, Caf\u00e9s und Kultureinrichtungen pr\u00e4sentieren die DSG und Kita Lillebror ein St\u00fcck nordischer Kultur!<\/p>\n\n\n\n<p><strong>Samstag, 21. Mai 2022 von 10 bis 16 Uhr.<br><br>Machonstr. 54, 12105 Berlin (Im Schulhof)<\/strong><\/p>\n\n\n\n<p><\/p>","protected":false},"excerpt":{"rendered":"<p>Komm und feiere mit uns ein Buntes Fest f\u00fcr Kinder und Familien! Es erwarten dich: Tolle spiele und Mitmach-Aktionen, kulinarische K\u00f6stlichkeiten, skandinavische Produkte, Kunst, Kultur, Musik.<span class=\"excerpt-hellip\"> [\u2026]<\/span><\/p>","protected":false},"author":1,"featured_media":1682,"comment_status":"closed","ping_status":"open","sticky":false,"template":"","format":"standard","meta":{"footnotes":""},"categories":[1],"tags":[],"yoast_head":"<!-- This site is optimized with the Yoast SEO plugin v22.0 - https:\/\/yoast.com\/wordpress\/plugins\/seo\/ -->\n<title>Fr\u00fchlingsfest \/ V\u00c5Rmarkt<\/title>\n<meta name=\"description\" content=\"Komm und feiere mit uns ein Buntes Fest f\u00fcr Kinder und Familien! Es erwarten dich: Tolle spiele und Mitmach-Aktionen, kulinarische K\u00f6stlichkeiten,\" \/>\n<meta name=\"robots\" content=\"index, follow, max-snippet:-1, max-image-preview:large, max-video-preview:-1\" \/>\n<link rel=\"canonical\" href=\"https:\/\/nobiwerk.com\/de\/fruehlingsfest-varmarkt\/\" \/>\n<meta property=\"og:locale\" content=\"de_DE\" \/>\n<meta property=\"og:type\" content=\"article\" \/>\n<meta property=\"og:title\" content=\"Fr\u00fchlingsfest \/ V\u00c5Rmarkt\" \/>\n<meta property=\"og:description\" content=\"Komm und feiere mit uns ein Buntes Fest f\u00fcr Kinder und Familien! Es erwarten dich: Tolle spiele und Mitmach-Aktionen, kulinarische K\u00f6stlichkeiten,\" \/>\n<meta property=\"og:url\" content=\"https:\/\/nobiwerk.com\/de\/fruehlingsfest-varmarkt\/\" \/>\n<meta property=\"og:site_name\" content=\"nobiwerk\" \/>\n<meta property=\"article:publisher\" content=\"https:\/\/www.facebook.com\/nobiwerk\" \/>\n<meta property=\"article:published_time\" content=\"2022-05-17T16:59:39+00:00\" \/>\n<meta property=\"article:modified_time\" content=\"2022-06-16T10:04:04+00:00\" \/>\n<meta property=\"og:image\" content=\"https:\/\/nobiwerk.com\/wp-content\/uploads\/2022\/05\/fruehlingsfest-nobiwerk.jpg\" \/>\n\t<meta property=\"og:image:width\" content=\"1200\" \/>\n\t<meta property=\"og:image:height\" content=\"600\" \/>\n\t<meta property=\"og:image:type\" content=\"image\/jpeg\" \/>\n<meta name=\"author\" content=\"reban-admin\" \/>\n<meta name=\"twitter:card\" content=\"summary_large_image\" \/>\n<meta name=\"twitter:label1\" content=\"Verfasst von\" \/>\n\t<meta name=\"twitter:data1\" content=\"reban-admin\" \/>\n<script type=\"application\/ld+json\" class=\"yoast-schema-graph\">{\"@context\":\"https:\/\/schema.org\",\"@graph\":[{\"@type\":\"Article\",\"@id\":\"https:\/\/nobiwerk.com\/fruehlingsfest-varmarkt#article\",\"isPartOf\":{\"@id\":\"https:\/\/nobiwerk.com\/fruehlingsfest-varmarkt\"},\"author\":{\"name\":\"reban-admin\",\"@id\":\"https:\/\/nobiwerk.com\/#\/schema\/person\/f3959f2c98c1b8b7b97feea616ffa912\"},\"headline\":\"Fr\u00fchlingsfest \/ V\u00c5Rmarkt\",\"datePublished\":\"2022-05-17T16:59:39+00:00\",\"dateModified\":\"2022-06-16T10:04:04+00:00\",\"mainEntityOfPage\":{\"@id\":\"https:\/\/nobiwerk.com\/fruehlingsfest-varmarkt\"},\"wordCount\":63,\"publisher\":{\"@id\":\"https:\/\/nobiwerk.com\/#organization\"},\"articleSection\":[\"Uncategorized\"],\"inLanguage\":\"de\"},{\"@type\":\"WebPage\",\"@id\":\"https:\/\/nobiwerk.com\/fruehlingsfest-varmarkt\",\"url\":\"https:\/\/nobiwerk.com\/fruehlingsfest-varmarkt\",\"name\":\"Fr\u00fchlingsfest \/ V\u00c5Rmarkt\",\"isPartOf\":{\"@id\":\"https:\/\/nobiwerk.com\/#website\"},\"datePublished\":\"2022-05-17T16:59:39+00:00\",\"dateModified\":\"2022-06-16T10:04:04+00:00\",\"description\":\"Komm und feiere mit uns ein Buntes Fest f\u00fcr Kinder und Familien! Es erwarten dich: Tolle spiele und Mitmach-Aktionen, kulinarische K\u00f6stlichkeiten,\",\"breadcrumb\":{\"@id\":\"https:\/\/nobiwerk.com\/fruehlingsfest-varmarkt#breadcrumb\"},\"inLanguage\":\"de\",\"potentialAction\":[{\"@type\":\"ReadAction\",\"target\":[\"https:\/\/nobiwerk.com\/fruehlingsfest-varmarkt\"]}]},{\"@type\":\"BreadcrumbList\",\"@id\":\"https:\/\/nobiwerk.com\/fruehlingsfest-varmarkt#breadcrumb\",\"itemListElement\":[{\"@type\":\"ListItem\",\"position\":1,\"name\":\"Startseite\",\"item\":\"https:\/\/nobiwerk.com\/\"},{\"@type\":\"ListItem\",\"position\":2,\"name\":\"Fr\u00fchlingsfest \/ V\u00c5Rmarkt\"}]},{\"@type\":\"WebSite\",\"@id\":\"https:\/\/nobiwerk.com\/#website\",\"url\":\"https:\/\/nobiwerk.com\/\",\"name\":\"nobiwerk\",\"description\":\"Svenske, Danske og Norske barnehager i Berlin\",\"publisher\":{\"@id\":\"https:\/\/nobiwerk.com\/#organization\"},\"potentialAction\":[{\"@type\":\"SearchAction\",\"target\":{\"@type\":\"EntryPoint\",\"urlTemplate\":\"https:\/\/nobiwerk.com\/?s={search_term_string}\"},\"query-input\":\"required name=search_term_string\"}],\"inLanguage\":\"de\"},{\"@type\":\"Organization\",\"@id\":\"https:\/\/nobiwerk.com\/#organization\",\"name\":\"nobiwerk\",\"url\":\"https:\/\/nobiwerk.com\/\",\"logo\":{\"@type\":\"ImageObject\",\"inLanguage\":\"de\",\"@id\":\"https:\/\/nobiwerk.com\/#\/schema\/logo\/image\/\",\"url\":\"https:\/\/nobiwerk.com\/wp-content\/uploads\/2019\/11\/nobiwerk-windows-touch-icon-310.png\",\"contentUrl\":\"https:\/\/nobiwerk.com\/wp-content\/uploads\/2019\/11\/nobiwerk-windows-touch-icon-310.png\",\"width\":310,\"height\":310,\"caption\":\"nobiwerk\"},\"image\":{\"@id\":\"https:\/\/nobiwerk.com\/#\/schema\/logo\/image\/\"},\"sameAs\":[\"https:\/\/www.facebook.com\/nobiwerk\"]},{\"@type\":\"Person\",\"@id\":\"https:\/\/nobiwerk.com\/#\/schema\/person\/f3959f2c98c1b8b7b97feea616ffa912\",\"name\":\"reban-admin\",\"image\":{\"@type\":\"ImageObject\",\"inLanguage\":\"de\",\"@id\":\"https:\/\/nobiwerk.com\/#\/schema\/person\/image\/\",\"url\":\"https:\/\/secure.gravatar.com\/avatar\/b5798500a61f07af8491a6311cdc6d34?s=96&d=mm&r=g\",\"contentUrl\":\"https:\/\/secure.gravatar.com\/avatar\/b5798500a61f07af8491a6311cdc6d34?s=96&d=mm&r=g\",\"caption\":\"reban-admin\"},\"url\":\"https:\/\/nobiwerk.com\/de\/author\/reban-admin\"}]}<\/script>\n<!-- \/ Yoast SEO plugin. -->","yoast_head_json":{"title":"Fr\u00fchlingsfest \/ V\u00c5Rmarkt","description":"Komm und feiere mit uns ein Buntes Fest f\u00fcr Kinder und Familien! Es erwarten dich: Tolle spiele und Mitmach-Aktionen, kulinarische K\u00f6stlichkeiten,","robots":{"index":"index","follow":"follow","max-snippet":"max-snippet:-1","max-image-preview":"max-image-preview:large","max-video-preview":"max-video-preview:-1"},"canonical":"https:\/\/nobiwerk.com\/de\/fruehlingsfest-varmarkt\/","og_locale":"de_DE","og_type":"article","og_title":"Fr\u00fchlingsfest \/ V\u00c5Rmarkt","og_description":"Komm und feiere mit uns ein Buntes Fest f\u00fcr Kinder und Familien! Es erwarten dich: Tolle spiele und Mitmach-Aktionen, kulinarische K\u00f6stlichkeiten,","og_url":"https:\/\/nobiwerk.com\/de\/fruehlingsfest-varmarkt\/","og_site_name":"nobiwerk","article_publisher":"https:\/\/www.facebook.com\/nobiwerk","article_published_time":"2022-05-17T16:59:39+00:00","article_modified_time":"2022-06-16T10:04:04+00:00","og_image":[{"width":1200,"height":600,"url":"https:\/\/nobiwerk.com\/wp-content\/uploads\/2022\/05\/fruehlingsfest-nobiwerk.jpg","type":"image\/jpeg"}],"author":"reban-admin","twitter_card":"summary_large_image","twitter_misc":{"Verfasst von":"reban-admin"},"schema":{"@context":"https:\/\/schema.org","@graph":[{"@type":"Article","@id":"https:\/\/nobiwerk.com\/fruehlingsfest-varmarkt#article","isPartOf":{"@id":"https:\/\/nobiwerk.com\/fruehlingsfest-varmarkt"},"author":{"name":"reban-admin","@id":"https:\/\/nobiwerk.com\/#\/schema\/person\/f3959f2c98c1b8b7b97feea616ffa912"},"headline":"Fr\u00fchlingsfest \/ V\u00c5Rmarkt","datePublished":"2022-05-17T16:59:39+00:00","dateModified":"2022-06-16T10:04:04+00:00","mainEntityOfPage":{"@id":"https:\/\/nobiwerk.com\/fruehlingsfest-varmarkt"},"wordCount":63,"publisher":{"@id":"https:\/\/nobiwerk.com\/#organization"},"articleSection":["Uncategorized"],"inLanguage":"de"},{"@type":"WebPage","@id":"https:\/\/nobiwerk.com\/fruehlingsfest-varmarkt","url":"https:\/\/nobiwerk.com\/fruehlingsfest-varmarkt","name":"Fr\u00fchlingsfest \/ V\u00c5Rmarkt","isPartOf":{"@id":"https:\/\/nobiwerk.com\/#website"},"datePublished":"2022-05-17T16:59:39+00:00","dateModified":"2022-06-16T10:04:04+00:00","description":"Komm und feiere mit uns ein Buntes Fest f\u00fcr Kinder und Familien! Es erwarten dich: Tolle spiele und Mitmach-Aktionen, kulinarische K\u00f6stlichkeiten,","breadcrumb":{"@id":"https:\/\/nobiwerk.com\/fruehlingsfest-varmarkt#breadcrumb"},"inLanguage":"de","potentialAction":[{"@type":"ReadAction","target":["https:\/\/nobiwerk.com\/fruehlingsfest-varmarkt"]}]},{"@type":"BreadcrumbList","@id":"https:\/\/nobiwerk.com\/fruehlingsfest-varmarkt#breadcrumb","itemListElement":[{"@type":"ListItem","position":1,"name":"Startseite","item":"https:\/\/nobiwerk.com\/"},{"@type":"ListItem","position":2,"name":"Fr\u00fchlingsfest \/ V\u00c5Rmarkt"}]},{"@type":"WebSite","@id":"https:\/\/nobiwerk.com\/#website","url":"https:\/\/nobiwerk.com\/","name":"nobiwerk","description":"Svenske, Danske og Norske barnehager i Berlin","publisher":{"@id":"https:\/\/nobiwerk.com\/#organization"},"potentialAction":[{"@type":"SearchAction","target":{"@type":"EntryPoint","urlTemplate":"https:\/\/nobiwerk.com\/?s={search_term_string}"},"query-input":"required name=search_term_string"}],"inLanguage":"de"},{"@type":"Organization","@id":"https:\/\/nobiwerk.com\/#organization","name":"nobiwerk","url":"https:\/\/nobiwerk.com\/","logo":{"@type":"ImageObject","inLanguage":"de","@id":"https:\/\/nobiwerk.com\/#\/schema\/logo\/image\/","url":"https:\/\/nobiwerk.com\/wp-content\/uploads\/2019\/11\/nobiwerk-windows-touch-icon-310.png","contentUrl":"https:\/\/nobiwerk.com\/wp-content\/uploads\/2019\/11\/nobiwerk-windows-touch-icon-310.png","width":310,"height":310,"caption":"nobiwerk"},"image":{"@id":"https:\/\/nobiwerk.com\/#\/schema\/logo\/image\/"},"sameAs":["https:\/\/www.facebook.com\/nobiwerk"]},{"@type":"Person","@id":"https:\/\/nobiwerk.com\/#\/schema\/person\/f3959f2c98c1b8b7b97feea616ffa912","name":"reban-admin","image":{"@type":"ImageObject","inLanguage":"de","@id":"https:\/\/nobiwerk.com\/#\/schema\/person\/image\/","url":"https:\/\/secure.gravatar.com\/avatar\/b5798500a61f07af8491a6311cdc6d34?s=96&d=mm&r=g","contentUrl":"https:\/\/secure.gravatar.com\/avatar\/b5798500a61f07af8491a6311cdc6d34?s=96&d=mm&r=g","caption":"reban-admin"},"url":"https:\/\/nobiwerk.com\/de\/author\/reban-admin"}]}},"_links":{"self":[{"href":"https:\/\/nobiwerk.com\/de\/wp-json\/wp\/v2\/posts\/1681"}],"collection":[{"href":"https:\/\/nobiwerk.com\/de\/wp-json\/wp\/v2\/posts"}],"about":[{"href":"https:\/\/nobiwerk.com\/de\/wp-json\/wp\/v2\/types\/post"}],"author":[{"embeddable":true,"href":"https:\/\/nobiwerk.com\/de\/wp-json\/wp\/v2\/users\/1"}],"replies":[{"embeddable":true,"href":"https:\/\/nobiwerk.com\/de\/wp-json\/wp\/v2\/comments?post=1681"}],"version-history":[{"count":1,"href":"https:\/\/nobiwerk.com\/de\/wp-json\/wp\/v2\/posts\/1681\/revisions"}],"predecessor-version":[{"id":1683,"href":"https:\/\/nobiwerk.com\/de\/wp-json\/wp\/v2\/posts\/1681\/revisions\/1683"}],"wp:featuredmedia":[{"embeddable":true,"href":"https:\/\/nobiwerk.com\/de\/wp-json\/wp\/v2\/media\/1682"}],"wp:attachment":[{"href":"https:\/\/nobiwerk.com\/de\/wp-json\/wp\/v2\/media?parent=1681"}],"wp:term":[{"taxonomy":"category","embeddable":true,"href":"https:\/\/nobiwerk.com\/de\/wp-json\/wp\/v2\/categories?post=1681"},{"taxonomy":"post_tag","embeddable":true,"href":"https:\/\/nobiwerk.com\/de\/wp-json\/wp\/v2\/tags?post=1681"}],"curies":[{"name":"wp","href":"https:\/\/api.w.org\/{rel}","templated":true}]}}