{"id":1876,"date":"2023-08-14T11:51:47","date_gmt":"2023-08-14T11:51:47","guid":{"rendered":"https:\/\/nobiwerk.com\/?p=1876"},"modified":"2023-08-14T11:51:49","modified_gmt":"2023-08-14T11:51:49","slug":"10-jahresfeier-verschoben","status":"publish","type":"post","link":"https:\/\/nobiwerk.com\/de\/10-jahresfeier-verschoben","title":{"rendered":"10 Jahresfeier verschoben"},"content":{"rendered":"<p>Liebe Freunde der Kita Lillebror und des Nobiwerk,<\/p>\n\n\n\n<p>Leider m\u00fcssen wir die geplante 10 Jahresfeier am 02.09.2023 im Schulhof der DSG, zu der wir Euch eingeladen hatten, absagen.<\/p>\n\n\n\n<p>Grund hierf\u00fcr ist die K\u00fcndigung der Mietfl\u00e4chen von Kita Lillebror mit Wirkung zum 31.07.2024, die wir Ende Juli von unserem Vermieter, der Montessori Stiftung Berlin (MSB), erhalten haben. Diese K\u00fcndigung war ein Schock f\u00fcr uns und uns ist momentan nicht nach Feiern Zumute.<\/p>\n\n\n\n<p>Wir werden Kita Lillebror nicht aufgeben und wir sind auf der Suche nach einem neuen Standort. Falls eine\/r von Euch irgendwelche M\u00f6glichkeiten, Informationen oder Ideen f\u00fcr eine neue Kitafl\u00e4che hat, bitte melde Dich gerne bei uns.<\/p>\n\n\n\n<p>Wir werden einen neuen Termin f\u00fcr unsere 10Jahresfeier finden und werden Euch dann informieren.<\/p>\n\n\n\n<p>Wir halten Euch auf dem Laufenden<\/p>\n\n\n\n<p>Liebe Gr\u00fc\u00dfe Eure Nobiwerker<\/p>\n\n\n\n<p>Sanne und Claus<\/p>","protected":false},"excerpt":{"rendered":"<p>Liebe Freunde der Kita Lillebror und des Nobiwerk, Leider m\u00fcssen wir die geplante 10 Jahresfeier am 02.09.2023 im Schulhof der DSG, zu der wir Euch eingeladen<span class=\"excerpt-hellip\"> [\u2026]<\/span><\/p>","protected":false},"author":5,"featured_media":1652,"comment_status":"closed","ping_status":"open","sticky":false,"template":"","format":"standard","meta":{"footnotes":""},"categories":[1],"tags":[],"yoast_head":"<!-- This site is optimized with the Yoast SEO plugin v22.0 - https:\/\/yoast.com\/wordpress\/plugins\/seo\/ -->\n<title>10 Jahresfeier verschoben<\/title>\n<meta name=\"description\" content=\"Liebe Freunde der Kita Lillebror und des Nobiwerk, Leider m\u00fcssen wir die geplante 10 Jahresfeier am 02.09.2023 im Schulhof der DSG, zu der wir Euch\" \/>\n<meta name=\"robots\" content=\"index, follow, max-snippet:-1, max-image-preview:large, max-video-preview:-1\" \/>\n<link rel=\"canonical\" href=\"https:\/\/nobiwerk.com\/de\/10-jahresfeier-verschoben\/\" \/>\n<meta property=\"og:locale\" content=\"de_DE\" \/>\n<meta property=\"og:type\" content=\"article\" \/>\n<meta property=\"og:title\" content=\"10 Jahresfeier verschoben\" \/>\n<meta property=\"og:description\" content=\"Liebe Freunde der Kita Lillebror und des Nobiwerk, Leider m\u00fcssen wir die geplante 10 Jahresfeier am 02.09.2023 im Schulhof der DSG, zu der wir Euch\" \/>\n<meta property=\"og:url\" content=\"https:\/\/nobiwerk.com\/de\/10-jahresfeier-verschoben\/\" \/>\n<meta property=\"og:site_name\" content=\"nobiwerk\" \/>\n<meta property=\"article:publisher\" content=\"https:\/\/www.facebook.com\/nobiwerk\" \/>\n<meta property=\"article:published_time\" content=\"2023-08-14T11:51:47+00:00\" \/>\n<meta property=\"article:modified_time\" content=\"2023-08-14T11:51:49+00:00\" \/>\n<meta property=\"og:image\" content=\"https:\/\/nobiwerk.com\/wp-content\/uploads\/2022\/05\/kita-lillebror.jpg\" \/>\n\t<meta property=\"og:image:width\" content=\"800\" \/>\n\t<meta property=\"og:image:height\" content=\"600\" \/>\n\t<meta property=\"og:image:type\" content=\"image\/jpeg\" \/>\n<meta name=\"author\" content=\"Jacob\" \/>\n<meta name=\"twitter:card\" content=\"summary_large_image\" \/>\n<meta name=\"twitter:label1\" content=\"Verfasst von\" \/>\n\t<meta name=\"twitter:data1\" content=\"Jacob\" \/>\n\t<meta name=\"twitter:label2\" content=\"Gesch\u00e4tzte Lesezeit\" \/>\n\t<meta name=\"twitter:data2\" content=\"1\u00a0Minute\" \/>\n<script type=\"application\/ld+json\" class=\"yoast-schema-graph\">{\"@context\":\"https:\/\/schema.org\",\"@graph\":[{\"@type\":\"Article\",\"@id\":\"https:\/\/nobiwerk.com\/10-jahresfeier-verschoben#article\",\"isPartOf\":{\"@id\":\"https:\/\/nobiwerk.com\/10-jahresfeier-verschoben\"},\"author\":{\"name\":\"Jacob\",\"@id\":\"https:\/\/nobiwerk.com\/#\/schema\/person\/bf2aee4d50ab24656e7c084f320451f2\"},\"headline\":\"10 Jahresfeier verschoben\",\"datePublished\":\"2023-08-14T11:51:47+00:00\",\"dateModified\":\"2023-08-14T11:51:49+00:00\",\"mainEntityOfPage\":{\"@id\":\"https:\/\/nobiwerk.com\/10-jahresfeier-verschoben\"},\"wordCount\":145,\"publisher\":{\"@id\":\"https:\/\/nobiwerk.com\/#organization\"},\"articleSection\":[\"Uncategorized\"],\"inLanguage\":\"de\"},{\"@type\":\"WebPage\",\"@id\":\"https:\/\/nobiwerk.com\/10-jahresfeier-verschoben\",\"url\":\"https:\/\/nobiwerk.com\/10-jahresfeier-verschoben\",\"name\":\"10 Jahresfeier verschoben\",\"isPartOf\":{\"@id\":\"https:\/\/nobiwerk.com\/#website\"},\"datePublished\":\"2023-08-14T11:51:47+00:00\",\"dateModified\":\"2023-08-14T11:51:49+00:00\",\"description\":\"Liebe Freunde der Kita Lillebror und des Nobiwerk, Leider m\u00fcssen wir die geplante 10 Jahresfeier am 02.09.2023 im Schulhof der DSG, zu der wir Euch\",\"breadcrumb\":{\"@id\":\"https:\/\/nobiwerk.com\/10-jahresfeier-verschoben#breadcrumb\"},\"inLanguage\":\"de\",\"potentialAction\":[{\"@type\":\"ReadAction\",\"target\":[\"https:\/\/nobiwerk.com\/10-jahresfeier-verschoben\"]}]},{\"@type\":\"BreadcrumbList\",\"@id\":\"https:\/\/nobiwerk.com\/10-jahresfeier-verschoben#breadcrumb\",\"itemListElement\":[{\"@type\":\"ListItem\",\"position\":1,\"name\":\"Startseite\",\"item\":\"https:\/\/nobiwerk.com\/\"},{\"@type\":\"ListItem\",\"position\":2,\"name\":\"10 Jahresfeier verschoben\"}]},{\"@type\":\"WebSite\",\"@id\":\"https:\/\/nobiwerk.com\/#website\",\"url\":\"https:\/\/nobiwerk.com\/\",\"name\":\"nobiwerk\",\"description\":\"Svenske, Danske og Norske barnehager i Berlin\",\"publisher\":{\"@id\":\"https:\/\/nobiwerk.com\/#organization\"},\"potentialAction\":[{\"@type\":\"SearchAction\",\"target\":{\"@type\":\"EntryPoint\",\"urlTemplate\":\"https:\/\/nobiwerk.com\/?s={search_term_string}\"},\"query-input\":\"required name=search_term_string\"}],\"inLanguage\":\"de\"},{\"@type\":\"Organization\",\"@id\":\"https:\/\/nobiwerk.com\/#organization\",\"name\":\"nobiwerk\",\"url\":\"https:\/\/nobiwerk.com\/\",\"logo\":{\"@type\":\"ImageObject\",\"inLanguage\":\"de\",\"@id\":\"https:\/\/nobiwerk.com\/#\/schema\/logo\/image\/\",\"url\":\"https:\/\/nobiwerk.com\/wp-content\/uploads\/2019\/11\/nobiwerk-windows-touch-icon-310.png\",\"contentUrl\":\"https:\/\/nobiwerk.com\/wp-content\/uploads\/2019\/11\/nobiwerk-windows-touch-icon-310.png\",\"width\":310,\"height\":310,\"caption\":\"nobiwerk\"},\"image\":{\"@id\":\"https:\/\/nobiwerk.com\/#\/schema\/logo\/image\/\"},\"sameAs\":[\"https:\/\/www.facebook.com\/nobiwerk\"]},{\"@type\":\"Person\",\"@id\":\"https:\/\/nobiwerk.com\/#\/schema\/person\/bf2aee4d50ab24656e7c084f320451f2\",\"name\":\"Jacob\",\"image\":{\"@type\":\"ImageObject\",\"inLanguage\":\"de\",\"@id\":\"https:\/\/nobiwerk.com\/#\/schema\/person\/image\/\",\"url\":\"https:\/\/secure.gravatar.com\/avatar\/c17d88bc8765eb02805927fc80b5539f?s=96&d=mm&r=g\",\"contentUrl\":\"https:\/\/secure.gravatar.com\/avatar\/c17d88bc8765eb02805927fc80b5539f?s=96&d=mm&r=g\",\"caption\":\"Jacob\"},\"url\":\"https:\/\/nobiwerk.com\/de\/author\/jacob\"}]}<\/script>\n<!-- \/ Yoast SEO plugin. -->","yoast_head_json":{"title":"10 Jahresfeier verschoben","description":"Liebe Freunde der Kita Lillebror und des Nobiwerk, Leider m\u00fcssen wir die geplante 10 Jahresfeier am 02.09.2023 im Schulhof der DSG, zu der wir Euch","robots":{"index":"index","follow":"follow","max-snippet":"max-snippet:-1","max-image-preview":"max-image-preview:large","max-video-preview":"max-video-preview:-1"},"canonical":"https:\/\/nobiwerk.com\/de\/10-jahresfeier-verschoben\/","og_locale":"de_DE","og_type":"article","og_title":"10 Jahresfeier verschoben","og_description":"Liebe Freunde der Kita Lillebror und des Nobiwerk, Leider m\u00fcssen wir die geplante 10 Jahresfeier am 02.09.2023 im Schulhof der DSG, zu der wir Euch","og_url":"https:\/\/nobiwerk.com\/de\/10-jahresfeier-verschoben\/","og_site_name":"nobiwerk","article_publisher":"https:\/\/www.facebook.com\/nobiwerk","article_published_time":"2023-08-14T11:51:47+00:00","article_modified_time":"2023-08-14T11:51:49+00:00","og_image":[{"width":800,"height":600,"url":"https:\/\/nobiwerk.com\/wp-content\/uploads\/2022\/05\/kita-lillebror.jpg","type":"image\/jpeg"}],"author":"Jacob","twitter_card":"summary_large_image","twitter_misc":{"Verfasst von":"Jacob","Gesch\u00e4tzte Lesezeit":"1\u00a0Minute"},"schema":{"@context":"https:\/\/schema.org","@graph":[{"@type":"Article","@id":"https:\/\/nobiwerk.com\/10-jahresfeier-verschoben#article","isPartOf":{"@id":"https:\/\/nobiwerk.com\/10-jahresfeier-verschoben"},"author":{"name":"Jacob","@id":"https:\/\/nobiwerk.com\/#\/schema\/person\/bf2aee4d50ab24656e7c084f320451f2"},"headline":"10 Jahresfeier verschoben","datePublished":"2023-08-14T11:51:47+00:00","dateModified":"2023-08-14T11:51:49+00:00","mainEntityOfPage":{"@id":"https:\/\/nobiwerk.com\/10-jahresfeier-verschoben"},"wordCount":145,"publisher":{"@id":"https:\/\/nobiwerk.com\/#organization"},"articleSection":["Uncategorized"],"inLanguage":"de"},{"@type":"WebPage","@id":"https:\/\/nobiwerk.com\/10-jahresfeier-verschoben","url":"https:\/\/nobiwerk.com\/10-jahresfeier-verschoben","name":"10 Jahresfeier verschoben","isPartOf":{"@id":"https:\/\/nobiwerk.com\/#website"},"datePublished":"2023-08-14T11:51:47+00:00","dateModified":"2023-08-14T11:51:49+00:00","description":"Liebe Freunde der Kita Lillebror und des Nobiwerk, Leider m\u00fcssen wir die geplante 10 Jahresfeier am 02.09.2023 im Schulhof der DSG, zu der wir Euch","breadcrumb":{"@id":"https:\/\/nobiwerk.com\/10-jahresfeier-verschoben#breadcrumb"},"inLanguage":"de","potentialAction":[{"@type":"ReadAction","target":["https:\/\/nobiwerk.com\/10-jahresfeier-verschoben"]}]},{"@type":"BreadcrumbList","@id":"https:\/\/nobiwerk.com\/10-jahresfeier-verschoben#breadcrumb","itemListElement":[{"@type":"ListItem","position":1,"name":"Startseite","item":"https:\/\/nobiwerk.com\/"},{"@type":"ListItem","position":2,"name":"10 Jahresfeier verschoben"}]},{"@type":"WebSite","@id":"https:\/\/nobiwerk.com\/#website","url":"https:\/\/nobiwerk.com\/","name":"nobiwerk","description":"Svenske, Danske og Norske barnehager i Berlin","publisher":{"@id":"https:\/\/nobiwerk.com\/#organization"},"potentialAction":[{"@type":"SearchAction","target":{"@type":"EntryPoint","urlTemplate":"https:\/\/nobiwerk.com\/?s={search_term_string}"},"query-input":"required name=search_term_string"}],"inLanguage":"de"},{"@type":"Organization","@id":"https:\/\/nobiwerk.com\/#organization","name":"nobiwerk","url":"https:\/\/nobiwerk.com\/","logo":{"@type":"ImageObject","inLanguage":"de","@id":"https:\/\/nobiwerk.com\/#\/schema\/logo\/image\/","url":"https:\/\/nobiwerk.com\/wp-content\/uploads\/2019\/11\/nobiwerk-windows-touch-icon-310.png","contentUrl":"https:\/\/nobiwerk.com\/wp-content\/uploads\/2019\/11\/nobiwerk-windows-touch-icon-310.png","width":310,"height":310,"caption":"nobiwerk"},"image":{"@id":"https:\/\/nobiwerk.com\/#\/schema\/logo\/image\/"},"sameAs":["https:\/\/www.facebook.com\/nobiwerk"]},{"@type":"Person","@id":"https:\/\/nobiwerk.com\/#\/schema\/person\/bf2aee4d50ab24656e7c084f320451f2","name":"Jacob","image":{"@type":"ImageObject","inLanguage":"de","@id":"https:\/\/nobiwerk.com\/#\/schema\/person\/image\/","url":"https:\/\/secure.gravatar.com\/avatar\/c17d88bc8765eb02805927fc80b5539f?s=96&d=mm&r=g","contentUrl":"https:\/\/secure.gravatar.com\/avatar\/c17d88bc8765eb02805927fc80b5539f?s=96&d=mm&r=g","caption":"Jacob"},"url":"https:\/\/nobiwerk.com\/de\/author\/jacob"}]}},"_links":{"self":[{"href":"https:\/\/nobiwerk.com\/de\/wp-json\/wp\/v2\/posts\/1876"}],"collection":[{"href":"https:\/\/nobiwerk.com\/de\/wp-json\/wp\/v2\/posts"}],"about":[{"href":"https:\/\/nobiwerk.com\/de\/wp-json\/wp\/v2\/types\/post"}],"author":[{"embeddable":true,"href":"https:\/\/nobiwerk.com\/de\/wp-json\/wp\/v2\/users\/5"}],"replies":[{"embeddable":true,"href":"https:\/\/nobiwerk.com\/de\/wp-json\/wp\/v2\/comments?post=1876"}],"version-history":[{"count":2,"href":"https:\/\/nobiwerk.com\/de\/wp-json\/wp\/v2\/posts\/1876\/revisions"}],"predecessor-version":[{"id":1975,"href":"https:\/\/nobiwerk.com\/de\/wp-json\/wp\/v2\/posts\/1876\/revisions\/1975"}],"wp:featuredmedia":[{"embeddable":true,"href":"https:\/\/nobiwerk.com\/de\/wp-json\/wp\/v2\/media\/1652"}],"wp:attachment":[{"href":"https:\/\/nobiwerk.com\/de\/wp-json\/wp\/v2\/media?parent=1876"}],"wp:term":[{"taxonomy":"category","embeddable":true,"href":"https:\/\/nobiwerk.com\/de\/wp-json\/wp\/v2\/categories?post=1876"},{"taxonomy":"post_tag","embeddable":true,"href":"https:\/\/nobiwerk.com\/de\/wp-json\/wp\/v2\/tags?post=1876"}],"curies":[{"name":"wp","href":"https:\/\/api.w.org\/{rel}","templated":true}]}}