{"id":1980,"date":"2024-08-28T10:26:45","date_gmt":"2024-08-28T10:26:45","guid":{"rendered":"https:\/\/nobiwerk.com\/?p=1980"},"modified":"2024-08-28T11:23:32","modified_gmt":"2024-08-28T11:23:32","slug":"nominierung-fur-den-forderpenny","status":"publish","type":"post","link":"https:\/\/nobiwerk.com\/de\/nominierung-fur-den-forderpenny","title":{"rendered":"Nominierung f\u00fcr den F\u00f6rderpenny"},"content":{"rendered":"<p>Unsere Kita wurde f\u00fcr den F\u00f6rderpenny nominiert! Wir w\u00fcrden uns sehr freuen, wenn ihr euch einen Moment Zeit nehmen k\u00f6nntet, um uns mit eurer Stimme zu unterst\u00fctzen.<\/p>\n\n\n\n<p><\/p>","protected":false},"excerpt":{"rendered":"<p>Unsere Kita wurde f\u00fcr den F\u00f6rderpenny nominiert! Wir w\u00fcrden uns sehr freuen, wenn ihr euch einen Moment Zeit nehmen k\u00f6nntet, um uns mit eurer Stimme zu unterst\u00fctzen.<\/p>","protected":false},"author":2,"featured_media":1973,"comment_status":"open","ping_status":"open","sticky":false,"template":"","format":"standard","meta":{"footnotes":""},"categories":[1],"tags":[],"yoast_head":"<!-- This site is optimized with the Yoast SEO plugin v22.0 - https:\/\/yoast.com\/wordpress\/plugins\/seo\/ -->\n<title>Nominierung f\u00fcr den F\u00f6rderpenny<\/title>\n<meta name=\"description\" content=\"Unsere Kita wurde f\u00fcr den F\u00f6rderpenny nominiert! Wir w\u00fcrden uns sehr freuen, wenn ihr euch einen Moment Zeit nehmen k\u00f6nntet, um uns mit eurer Stimme zu unterst\u00fctzen.\" \/>\n<meta name=\"robots\" content=\"index, follow, max-snippet:-1, max-image-preview:large, max-video-preview:-1\" \/>\n<link rel=\"canonical\" href=\"https:\/\/nobiwerk.com\/de\/nominierung-fur-den-forderpenny\/\" \/>\n<meta property=\"og:locale\" content=\"de_DE\" \/>\n<meta property=\"og:type\" content=\"article\" \/>\n<meta property=\"og:title\" content=\"Nominierung f\u00fcr den F\u00f6rderpenny\" \/>\n<meta property=\"og:description\" content=\"Unsere Kita wurde f\u00fcr den F\u00f6rderpenny nominiert! Wir w\u00fcrden uns sehr freuen, wenn ihr euch einen Moment Zeit nehmen k\u00f6nntet, um uns mit eurer Stimme zu unterst\u00fctzen.\" \/>\n<meta property=\"og:url\" content=\"https:\/\/nobiwerk.com\/de\/nominierung-fur-den-forderpenny\/\" \/>\n<meta property=\"og:site_name\" content=\"nobiwerk\" \/>\n<meta property=\"article:publisher\" content=\"https:\/\/www.facebook.com\/nobiwerk\" \/>\n<meta property=\"article:published_time\" content=\"2024-08-28T10:26:45+00:00\" \/>\n<meta property=\"article:modified_time\" content=\"2024-08-28T11:23:32+00:00\" \/>\n<meta property=\"og:image\" content=\"https:\/\/nobiwerk.com\/wp-content\/uploads\/2024\/08\/Image-2.jpeg\" \/>\n\t<meta property=\"og:image:width\" content=\"595\" \/>\n\t<meta property=\"og:image:height\" content=\"841\" \/>\n\t<meta property=\"og:image:type\" content=\"image\/jpeg\" \/>\n<meta name=\"author\" content=\"Claus\" \/>\n<meta name=\"twitter:card\" content=\"summary_large_image\" \/>\n<meta name=\"twitter:label1\" content=\"Verfasst von\" \/>\n\t<meta name=\"twitter:data1\" content=\"Claus\" \/>\n\t<meta name=\"twitter:label2\" content=\"Gesch\u00e4tzte Lesezeit\" \/>\n\t<meta name=\"twitter:data2\" content=\"1\u00a0Minute\" \/>\n<script type=\"application\/ld+json\" class=\"yoast-schema-graph\">{\"@context\":\"https:\/\/schema.org\",\"@graph\":[{\"@type\":\"Article\",\"@id\":\"https:\/\/nobiwerk.com\/nominierung-fur-den-forderpenny#article\",\"isPartOf\":{\"@id\":\"https:\/\/nobiwerk.com\/nominierung-fur-den-forderpenny\"},\"author\":{\"name\":\"Claus\",\"@id\":\"https:\/\/nobiwerk.com\/#\/schema\/person\/748aae7ba333ac28b16853a896a7e2b6\"},\"headline\":\"Nominierung f\u00fcr den F\u00f6rderpenny\",\"datePublished\":\"2024-08-28T10:26:45+00:00\",\"dateModified\":\"2024-08-28T11:23:32+00:00\",\"mainEntityOfPage\":{\"@id\":\"https:\/\/nobiwerk.com\/nominierung-fur-den-forderpenny\"},\"wordCount\":38,\"commentCount\":0,\"publisher\":{\"@id\":\"https:\/\/nobiwerk.com\/#organization\"},\"articleSection\":[\"Uncategorized\"],\"inLanguage\":\"de\",\"potentialAction\":[{\"@type\":\"CommentAction\",\"name\":\"Comment\",\"target\":[\"https:\/\/nobiwerk.com\/nominierung-fur-den-forderpenny#respond\"]}]},{\"@type\":\"WebPage\",\"@id\":\"https:\/\/nobiwerk.com\/nominierung-fur-den-forderpenny\",\"url\":\"https:\/\/nobiwerk.com\/nominierung-fur-den-forderpenny\",\"name\":\"Nominierung f\u00fcr den F\u00f6rderpenny\",\"isPartOf\":{\"@id\":\"https:\/\/nobiwerk.com\/#website\"},\"datePublished\":\"2024-08-28T10:26:45+00:00\",\"dateModified\":\"2024-08-28T11:23:32+00:00\",\"description\":\"Unsere Kita wurde f\u00fcr den F\u00f6rderpenny nominiert! Wir w\u00fcrden uns sehr freuen, wenn ihr euch einen Moment Zeit nehmen k\u00f6nntet, um uns mit eurer Stimme zu unterst\u00fctzen.\",\"breadcrumb\":{\"@id\":\"https:\/\/nobiwerk.com\/nominierung-fur-den-forderpenny#breadcrumb\"},\"inLanguage\":\"de\",\"potentialAction\":[{\"@type\":\"ReadAction\",\"target\":[\"https:\/\/nobiwerk.com\/nominierung-fur-den-forderpenny\"]}]},{\"@type\":\"BreadcrumbList\",\"@id\":\"https:\/\/nobiwerk.com\/nominierung-fur-den-forderpenny#breadcrumb\",\"itemListElement\":[{\"@type\":\"ListItem\",\"position\":1,\"name\":\"Startseite\",\"item\":\"https:\/\/nobiwerk.com\/\"},{\"@type\":\"ListItem\",\"position\":2,\"name\":\"Nominierung f\u00fcr den F\u00f6rderpenny\"}]},{\"@type\":\"WebSite\",\"@id\":\"https:\/\/nobiwerk.com\/#website\",\"url\":\"https:\/\/nobiwerk.com\/\",\"name\":\"nobiwerk\",\"description\":\"Svenske, Danske og Norske barnehager i Berlin\",\"publisher\":{\"@id\":\"https:\/\/nobiwerk.com\/#organization\"},\"potentialAction\":[{\"@type\":\"SearchAction\",\"target\":{\"@type\":\"EntryPoint\",\"urlTemplate\":\"https:\/\/nobiwerk.com\/?s={search_term_string}\"},\"query-input\":\"required name=search_term_string\"}],\"inLanguage\":\"de\"},{\"@type\":\"Organization\",\"@id\":\"https:\/\/nobiwerk.com\/#organization\",\"name\":\"nobiwerk\",\"url\":\"https:\/\/nobiwerk.com\/\",\"logo\":{\"@type\":\"ImageObject\",\"inLanguage\":\"de\",\"@id\":\"https:\/\/nobiwerk.com\/#\/schema\/logo\/image\/\",\"url\":\"https:\/\/nobiwerk.com\/wp-content\/uploads\/2019\/11\/nobiwerk-windows-touch-icon-310.png\",\"contentUrl\":\"https:\/\/nobiwerk.com\/wp-content\/uploads\/2019\/11\/nobiwerk-windows-touch-icon-310.png\",\"width\":310,\"height\":310,\"caption\":\"nobiwerk\"},\"image\":{\"@id\":\"https:\/\/nobiwerk.com\/#\/schema\/logo\/image\/\"},\"sameAs\":[\"https:\/\/www.facebook.com\/nobiwerk\"]},{\"@type\":\"Person\",\"@id\":\"https:\/\/nobiwerk.com\/#\/schema\/person\/748aae7ba333ac28b16853a896a7e2b6\",\"name\":\"Claus\",\"image\":{\"@type\":\"ImageObject\",\"inLanguage\":\"de\",\"@id\":\"https:\/\/nobiwerk.com\/#\/schema\/person\/image\/\",\"url\":\"https:\/\/secure.gravatar.com\/avatar\/18551a14d17bb324977ea53be3844661?s=96&d=mm&r=g\",\"contentUrl\":\"https:\/\/secure.gravatar.com\/avatar\/18551a14d17bb324977ea53be3844661?s=96&d=mm&r=g\",\"caption\":\"Claus\"},\"url\":\"https:\/\/nobiwerk.com\/de\/author\/claus\"}]}<\/script>\n<!-- \/ Yoast SEO plugin. -->","yoast_head_json":{"title":"Nominierung f\u00fcr den F\u00f6rderpenny","description":"Unsere Kita wurde f\u00fcr den F\u00f6rderpenny nominiert! Wir w\u00fcrden uns sehr freuen, wenn ihr euch einen Moment Zeit nehmen k\u00f6nntet, um uns mit eurer Stimme zu unterst\u00fctzen.","robots":{"index":"index","follow":"follow","max-snippet":"max-snippet:-1","max-image-preview":"max-image-preview:large","max-video-preview":"max-video-preview:-1"},"canonical":"https:\/\/nobiwerk.com\/de\/nominierung-fur-den-forderpenny\/","og_locale":"de_DE","og_type":"article","og_title":"Nominierung f\u00fcr den F\u00f6rderpenny","og_description":"Unsere Kita wurde f\u00fcr den F\u00f6rderpenny nominiert! Wir w\u00fcrden uns sehr freuen, wenn ihr euch einen Moment Zeit nehmen k\u00f6nntet, um uns mit eurer Stimme zu unterst\u00fctzen.","og_url":"https:\/\/nobiwerk.com\/de\/nominierung-fur-den-forderpenny\/","og_site_name":"nobiwerk","article_publisher":"https:\/\/www.facebook.com\/nobiwerk","article_published_time":"2024-08-28T10:26:45+00:00","article_modified_time":"2024-08-28T11:23:32+00:00","og_image":[{"width":595,"height":841,"url":"https:\/\/nobiwerk.com\/wp-content\/uploads\/2024\/08\/Image-2.jpeg","type":"image\/jpeg"}],"author":"Claus","twitter_card":"summary_large_image","twitter_misc":{"Verfasst von":"Claus","Gesch\u00e4tzte Lesezeit":"1\u00a0Minute"},"schema":{"@context":"https:\/\/schema.org","@graph":[{"@type":"Article","@id":"https:\/\/nobiwerk.com\/nominierung-fur-den-forderpenny#article","isPartOf":{"@id":"https:\/\/nobiwerk.com\/nominierung-fur-den-forderpenny"},"author":{"name":"Claus","@id":"https:\/\/nobiwerk.com\/#\/schema\/person\/748aae7ba333ac28b16853a896a7e2b6"},"headline":"Nominierung f\u00fcr den F\u00f6rderpenny","datePublished":"2024-08-28T10:26:45+00:00","dateModified":"2024-08-28T11:23:32+00:00","mainEntityOfPage":{"@id":"https:\/\/nobiwerk.com\/nominierung-fur-den-forderpenny"},"wordCount":38,"commentCount":0,"publisher":{"@id":"https:\/\/nobiwerk.com\/#organization"},"articleSection":["Uncategorized"],"inLanguage":"de","potentialAction":[{"@type":"CommentAction","name":"Comment","target":["https:\/\/nobiwerk.com\/nominierung-fur-den-forderpenny#respond"]}]},{"@type":"WebPage","@id":"https:\/\/nobiwerk.com\/nominierung-fur-den-forderpenny","url":"https:\/\/nobiwerk.com\/nominierung-fur-den-forderpenny","name":"Nominierung f\u00fcr den F\u00f6rderpenny","isPartOf":{"@id":"https:\/\/nobiwerk.com\/#website"},"datePublished":"2024-08-28T10:26:45+00:00","dateModified":"2024-08-28T11:23:32+00:00","description":"Unsere Kita wurde f\u00fcr den F\u00f6rderpenny nominiert! Wir w\u00fcrden uns sehr freuen, wenn ihr euch einen Moment Zeit nehmen k\u00f6nntet, um uns mit eurer Stimme zu unterst\u00fctzen.","breadcrumb":{"@id":"https:\/\/nobiwerk.com\/nominierung-fur-den-forderpenny#breadcrumb"},"inLanguage":"de","potentialAction":[{"@type":"ReadAction","target":["https:\/\/nobiwerk.com\/nominierung-fur-den-forderpenny"]}]},{"@type":"BreadcrumbList","@id":"https:\/\/nobiwerk.com\/nominierung-fur-den-forderpenny#breadcrumb","itemListElement":[{"@type":"ListItem","position":1,"name":"Startseite","item":"https:\/\/nobiwerk.com\/"},{"@type":"ListItem","position":2,"name":"Nominierung f\u00fcr den F\u00f6rderpenny"}]},{"@type":"WebSite","@id":"https:\/\/nobiwerk.com\/#website","url":"https:\/\/nobiwerk.com\/","name":"nobiwerk","description":"Svenske, Danske og Norske barnehager i Berlin","publisher":{"@id":"https:\/\/nobiwerk.com\/#organization"},"potentialAction":[{"@type":"SearchAction","target":{"@type":"EntryPoint","urlTemplate":"https:\/\/nobiwerk.com\/?s={search_term_string}"},"query-input":"required name=search_term_string"}],"inLanguage":"de"},{"@type":"Organization","@id":"https:\/\/nobiwerk.com\/#organization","name":"nobiwerk","url":"https:\/\/nobiwerk.com\/","logo":{"@type":"ImageObject","inLanguage":"de","@id":"https:\/\/nobiwerk.com\/#\/schema\/logo\/image\/","url":"https:\/\/nobiwerk.com\/wp-content\/uploads\/2019\/11\/nobiwerk-windows-touch-icon-310.png","contentUrl":"https:\/\/nobiwerk.com\/wp-content\/uploads\/2019\/11\/nobiwerk-windows-touch-icon-310.png","width":310,"height":310,"caption":"nobiwerk"},"image":{"@id":"https:\/\/nobiwerk.com\/#\/schema\/logo\/image\/"},"sameAs":["https:\/\/www.facebook.com\/nobiwerk"]},{"@type":"Person","@id":"https:\/\/nobiwerk.com\/#\/schema\/person\/748aae7ba333ac28b16853a896a7e2b6","name":"Claus","image":{"@type":"ImageObject","inLanguage":"de","@id":"https:\/\/nobiwerk.com\/#\/schema\/person\/image\/","url":"https:\/\/secure.gravatar.com\/avatar\/18551a14d17bb324977ea53be3844661?s=96&d=mm&r=g","contentUrl":"https:\/\/secure.gravatar.com\/avatar\/18551a14d17bb324977ea53be3844661?s=96&d=mm&r=g","caption":"Claus"},"url":"https:\/\/nobiwerk.com\/de\/author\/claus"}]}},"_links":{"self":[{"href":"https:\/\/nobiwerk.com\/de\/wp-json\/wp\/v2\/posts\/1980"}],"collection":[{"href":"https:\/\/nobiwerk.com\/de\/wp-json\/wp\/v2\/posts"}],"about":[{"href":"https:\/\/nobiwerk.com\/de\/wp-json\/wp\/v2\/types\/post"}],"author":[{"embeddable":true,"href":"https:\/\/nobiwerk.com\/de\/wp-json\/wp\/v2\/users\/2"}],"replies":[{"embeddable":true,"href":"https:\/\/nobiwerk.com\/de\/wp-json\/wp\/v2\/comments?post=1980"}],"version-history":[{"count":5,"href":"https:\/\/nobiwerk.com\/de\/wp-json\/wp\/v2\/posts\/1980\/revisions"}],"predecessor-version":[{"id":1993,"href":"https:\/\/nobiwerk.com\/de\/wp-json\/wp\/v2\/posts\/1980\/revisions\/1993"}],"wp:featuredmedia":[{"embeddable":true,"href":"https:\/\/nobiwerk.com\/de\/wp-json\/wp\/v2\/media\/1973"}],"wp:attachment":[{"href":"https:\/\/nobiwerk.com\/de\/wp-json\/wp\/v2\/media?parent=1980"}],"wp:term":[{"taxonomy":"category","embeddable":true,"href":"https:\/\/nobiwerk.com\/de\/wp-json\/wp\/v2\/categories?post=1980"},{"taxonomy":"post_tag","embeddable":true,"href":"https:\/\/nobiwerk.com\/de\/wp-json\/wp\/v2\/tags?post=1980"}],"curies":[{"name":"wp","href":"https:\/\/api.w.org\/{rel}","templated":true}]}}